{"id":100106,"date":"2021-09-22T14:26:25","date_gmt":"2021-09-22T17:26:25","guid":{"rendered":"https:\/\/acs.org.br\/antigo\/?p=100106"},"modified":"2021-09-22T14:35:59","modified_gmt":"2021-09-22T17:35:59","slug":"atualidades-primavera-criativa-reune-diversas-atividades-para-celebrar-a-chegada-da-nova-estacao-em-santos","status":"publish","type":"post","link":"https:\/\/acs.org.br\/academy\/atualidades-primavera-criativa-reune-diversas-atividades-para-celebrar-a-chegada-da-nova-estacao-em-santos\/","title":{"rendered":"ATUALIDADES: Primavera Criativa re\u00fane diversas atividades para celebrar a chegada da nova esta\u00e7\u00e3o em Santos"},"content":{"rendered":"<p>Fonte: G1<\/p>\n<p>A primavera come\u00e7a oficialmente nesta quarta-feira (22) e, para celebrar a esta\u00e7\u00e3o mais florida do ano, um conjunto de a\u00e7\u00f5es com lindas surpresas acontecer\u00e1 em Santos, no litoral de S\u00e3o Paulo. As atividades da Primavera Criativa, promovida pela Prefeitura de Santos, come\u00e7am nesta quarta e seguem at\u00e9 domingo (26).<\/p>\n<p>Confira a programa\u00e7\u00e3o.<\/p>\n<p><a href=\"https:\/\/g1.globo.com\/sp\/santos-regiao\/noticia\/2021\/09\/21\/primavera-criativa-reune-diversas-atividades-para-celebrar-a-chegada-da-nova-estacao-em-santos.ghtml\">LEIA MAIS&#8230;<\/a><\/p>\n<p>&nbsp;<\/p>\n","protected":false},"excerpt":{"rendered":"<p>Fonte: G1 A primavera come\u00e7a oficialmente nesta quarta-feira (22) e, para celebrar a esta\u00e7\u00e3o mais florida do ano, um conjunto de a\u00e7\u00f5es com lindas surpresas acontecer\u00e1 em Santos, no litoral de S\u00e3o Paulo. As atividades da Primavera Criativa, promovida pela Prefeitura de Santos, come\u00e7am nesta quarta e seguem at\u00e9 domingo (26). Confira a programa\u00e7\u00e3o. LEIA [&hellip;]<\/p>\n","protected":false},"author":3,"featured_media":100108,"comment_status":"open","ping_status":"open","sticky":false,"template":"","format":"standard","meta":{"footnotes":""},"categories":[105],"tags":[],"_links":{"self":[{"href":"https:\/\/acs.org.br\/academy\/wp-json\/wp\/v2\/posts\/100106"}],"collection":[{"href":"https:\/\/acs.org.br\/academy\/wp-json\/wp\/v2\/posts"}],"about":[{"href":"https:\/\/acs.org.br\/academy\/wp-json\/wp\/v2\/types\/post"}],"author":[{"embeddable":true,"href":"https:\/\/acs.org.br\/academy\/wp-json\/wp\/v2\/users\/3"}],"replies":[{"embeddable":true,"href":"https:\/\/acs.org.br\/academy\/wp-json\/wp\/v2\/comments?post=100106"}],"version-history":[{"count":3,"href":"https:\/\/acs.org.br\/academy\/wp-json\/wp\/v2\/posts\/100106\/revisions"}],"predecessor-version":[{"id":100110,"href":"https:\/\/acs.org.br\/academy\/wp-json\/wp\/v2\/posts\/100106\/revisions\/100110"}],"wp:featuredmedia":[{"embeddable":true,"href":"https:\/\/acs.org.br\/academy\/wp-json\/wp\/v2\/media\/100108"}],"wp:attachment":[{"href":"https:\/\/acs.org.br\/academy\/wp-json\/wp\/v2\/media?parent=100106"}],"wp:term":[{"taxonomy":"category","embeddable":true,"href":"https:\/\/acs.org.br\/academy\/wp-json\/wp\/v2\/categories?post=100106"},{"taxonomy":"post_tag","embeddable":true,"href":"https:\/\/acs.org.br\/academy\/wp-json\/wp\/v2\/tags?post=100106"}],"curies":[{"name":"wp","href":"https:\/\/api.w.org\/{rel}","templated":true}]}}