{"id":100101,"date":"2021-09-22T08:55:32","date_gmt":"2021-09-22T11:55:32","guid":{"rendered":"https:\/\/acs.org.br\/antigo\/?p=100101"},"modified":"2021-09-22T08:56:27","modified_gmt":"2021-09-22T11:56:27","slug":"porto-desestatizacao-vai-reduzir-tarifas-do-porto-diz-ministro","status":"publish","type":"post","link":"https:\/\/acs.org.br\/academy\/porto-desestatizacao-vai-reduzir-tarifas-do-porto-diz-ministro\/","title":{"rendered":"PORTO: Desestatiza\u00e7\u00e3o vai reduzir tarifas do Porto, diz ministro"},"content":{"rendered":"<p>Fonte: A Tribuna<\/p>\n<p>Mais obras de infraestrutura e menor custo de opera\u00e7\u00e3o. Este ser\u00e1 o resultado da desestatiza\u00e7\u00e3o do Porto de Santos, segundo o ministro da Infraestrutura.<\/p>\n<p><a href=\"https:\/\/acs.org.br\/antigo\/wp-content\/uploads\/2021\/09\/PORTO-22.pdf\">LEIA MAIS&#8230;<\/a><\/p>\n","protected":false},"excerpt":{"rendered":"<p>Fonte: A Tribuna Mais obras de infraestrutura e menor custo de opera\u00e7\u00e3o. Este ser\u00e1 o resultado da desestatiza\u00e7\u00e3o do Porto de Santos, segundo o ministro da Infraestrutura. LEIA MAIS&#8230;<\/p>\n","protected":false},"author":3,"featured_media":0,"comment_status":"open","ping_status":"open","sticky":false,"template":"","format":"standard","meta":{"footnotes":""},"categories":[105],"tags":[],"_links":{"self":[{"href":"https:\/\/acs.org.br\/academy\/wp-json\/wp\/v2\/posts\/100101"}],"collection":[{"href":"https:\/\/acs.org.br\/academy\/wp-json\/wp\/v2\/posts"}],"about":[{"href":"https:\/\/acs.org.br\/academy\/wp-json\/wp\/v2\/types\/post"}],"author":[{"embeddable":true,"href":"https:\/\/acs.org.br\/academy\/wp-json\/wp\/v2\/users\/3"}],"replies":[{"embeddable":true,"href":"https:\/\/acs.org.br\/academy\/wp-json\/wp\/v2\/comments?post=100101"}],"version-history":[{"count":2,"href":"https:\/\/acs.org.br\/academy\/wp-json\/wp\/v2\/posts\/100101\/revisions"}],"predecessor-version":[{"id":100104,"href":"https:\/\/acs.org.br\/academy\/wp-json\/wp\/v2\/posts\/100101\/revisions\/100104"}],"wp:attachment":[{"href":"https:\/\/acs.org.br\/academy\/wp-json\/wp\/v2\/media?parent=100101"}],"wp:term":[{"taxonomy":"category","embeddable":true,"href":"https:\/\/acs.org.br\/academy\/wp-json\/wp\/v2\/categories?post=100101"},{"taxonomy":"post_tag","embeddable":true,"href":"https:\/\/acs.org.br\/academy\/wp-json\/wp\/v2\/tags?post=100101"}],"curies":[{"name":"wp","href":"https:\/\/api.w.org\/{rel}","templated":true}]}}