{"id":100091,"date":"2021-09-21T09:43:50","date_gmt":"2021-09-21T12:43:50","guid":{"rendered":"https:\/\/acs.org.br\/antigo\/?p=100091"},"modified":"2021-09-21T09:44:26","modified_gmt":"2021-09-21T12:44:26","slug":"comercio-exterior-empresas-podem-se-inscrever-para-missao-a-emirados-e-catar","status":"publish","type":"post","link":"https:\/\/acs.org.br\/academy\/comercio-exterior-empresas-podem-se-inscrever-para-missao-a-emirados-e-catar\/","title":{"rendered":"COM\u00c9RCIO EXTERIOR: Empresas podem se inscrever para miss\u00e3o a Emirados e Catar"},"content":{"rendered":"<p>Fonte: Informativo Portu\u00e1rio<\/p>\n<p>Empresas brasileiras interessadas em buscar neg\u00f3cios no Catar e nos Emirados \u00c1rabes Unidos podem se inscrever para a miss\u00e3o que a C\u00e2mara de Com\u00e9rcio \u00c1rabe Brasileira promove \u00e0 regi\u00e3o, de forma presencial, entre os dias 30 de outubro e 06 de novembro deste ano.<\/p>\n<p><a href=\"https:\/\/www.informativodosportos.com.br\/empresas-podem-se-inscrever-para-missao-a-emirados-e-catar\/\">LEIA MAIS&#8230;<\/a><\/p>\n<p>&nbsp;<\/p>\n","protected":false},"excerpt":{"rendered":"<p>Fonte: Informativo Portu\u00e1rio Empresas brasileiras interessadas em buscar neg\u00f3cios no Catar e nos Emirados \u00c1rabes Unidos podem se inscrever para a miss\u00e3o que a C\u00e2mara de Com\u00e9rcio \u00c1rabe Brasileira promove \u00e0 regi\u00e3o, de forma presencial, entre os dias 30 de outubro e 06 de novembro deste ano. LEIA MAIS&#8230; &nbsp;<\/p>\n","protected":false},"author":3,"featured_media":100093,"comment_status":"open","ping_status":"open","sticky":false,"template":"","format":"standard","meta":{"footnotes":""},"categories":[105],"tags":[],"_links":{"self":[{"href":"https:\/\/acs.org.br\/academy\/wp-json\/wp\/v2\/posts\/100091"}],"collection":[{"href":"https:\/\/acs.org.br\/academy\/wp-json\/wp\/v2\/posts"}],"about":[{"href":"https:\/\/acs.org.br\/academy\/wp-json\/wp\/v2\/types\/post"}],"author":[{"embeddable":true,"href":"https:\/\/acs.org.br\/academy\/wp-json\/wp\/v2\/users\/3"}],"replies":[{"embeddable":true,"href":"https:\/\/acs.org.br\/academy\/wp-json\/wp\/v2\/comments?post=100091"}],"version-history":[{"count":1,"href":"https:\/\/acs.org.br\/academy\/wp-json\/wp\/v2\/posts\/100091\/revisions"}],"predecessor-version":[{"id":100092,"href":"https:\/\/acs.org.br\/academy\/wp-json\/wp\/v2\/posts\/100091\/revisions\/100092"}],"wp:featuredmedia":[{"embeddable":true,"href":"https:\/\/acs.org.br\/academy\/wp-json\/wp\/v2\/media\/100093"}],"wp:attachment":[{"href":"https:\/\/acs.org.br\/academy\/wp-json\/wp\/v2\/media?parent=100091"}],"wp:term":[{"taxonomy":"category","embeddable":true,"href":"https:\/\/acs.org.br\/academy\/wp-json\/wp\/v2\/categories?post=100091"},{"taxonomy":"post_tag","embeddable":true,"href":"https:\/\/acs.org.br\/academy\/wp-json\/wp\/v2\/tags?post=100091"}],"curies":[{"name":"wp","href":"https:\/\/api.w.org\/{rel}","templated":true}]}}