{"id":100086,"date":"2021-09-21T09:31:17","date_gmt":"2021-09-21T12:31:17","guid":{"rendered":"https:\/\/acs.org.br\/antigo\/?p=100086"},"modified":"2021-09-21T09:31:17","modified_gmt":"2021-09-21T12:31:17","slug":"cafe-sem-conteineres-brasil-deixa-de-exportar-us-500-mi-em-cafe-e-perde-oportunidades-em-proteinas","status":"publish","type":"post","link":"https:\/\/acs.org.br\/academy\/cafe-sem-conteineres-brasil-deixa-de-exportar-us-500-mi-em-cafe-e-perde-oportunidades-em-proteinas\/","title":{"rendered":"CAF\u00c9: Sem cont\u00eaineres, Brasil deixa de exportar US$ 500 mi em caf\u00e9 e perde oportunidades em prote\u00ednas"},"content":{"rendered":"<p>Fonte: Informativo dos Portos<\/p>\n<p>A falta de cont\u00eaineres para as exporta\u00e7\u00f5es mundiais foi o tema do programa Direto ao Ponto deste domingo, 19. O diretor-executivo do Conselho dos Exportadores de Caf\u00e9 do Brasil (Cecaf\u00e9), Marcos Matos, descreveu o impacto dessa situa\u00e7\u00e3o para o setor cafeeiro.<\/p>\n<p><a href=\"https:\/\/www.informativodosportos.com.br\/sem-conteineres-brasil-deixa-de-exportar-us-500-mi-em-cafe-e-perde-oportunidades-em-proteinas\/\">LEIA MAIS&#8230;<\/a><\/p>\n","protected":false},"excerpt":{"rendered":"<p>Fonte: Informativo dos Portos A falta de cont\u00eaineres para as exporta\u00e7\u00f5es mundiais foi o tema do programa Direto ao Ponto deste domingo, 19. O diretor-executivo do Conselho dos Exportadores de Caf\u00e9 do Brasil (Cecaf\u00e9), Marcos Matos, descreveu o impacto dessa situa\u00e7\u00e3o para o setor cafeeiro. LEIA MAIS&#8230;<\/p>\n","protected":false},"author":3,"featured_media":100087,"comment_status":"open","ping_status":"open","sticky":false,"template":"","format":"standard","meta":{"footnotes":""},"categories":[105],"tags":[],"_links":{"self":[{"href":"https:\/\/acs.org.br\/academy\/wp-json\/wp\/v2\/posts\/100086"}],"collection":[{"href":"https:\/\/acs.org.br\/academy\/wp-json\/wp\/v2\/posts"}],"about":[{"href":"https:\/\/acs.org.br\/academy\/wp-json\/wp\/v2\/types\/post"}],"author":[{"embeddable":true,"href":"https:\/\/acs.org.br\/academy\/wp-json\/wp\/v2\/users\/3"}],"replies":[{"embeddable":true,"href":"https:\/\/acs.org.br\/academy\/wp-json\/wp\/v2\/comments?post=100086"}],"version-history":[{"count":1,"href":"https:\/\/acs.org.br\/academy\/wp-json\/wp\/v2\/posts\/100086\/revisions"}],"predecessor-version":[{"id":100088,"href":"https:\/\/acs.org.br\/academy\/wp-json\/wp\/v2\/posts\/100086\/revisions\/100088"}],"wp:featuredmedia":[{"embeddable":true,"href":"https:\/\/acs.org.br\/academy\/wp-json\/wp\/v2\/media\/100087"}],"wp:attachment":[{"href":"https:\/\/acs.org.br\/academy\/wp-json\/wp\/v2\/media?parent=100086"}],"wp:term":[{"taxonomy":"category","embeddable":true,"href":"https:\/\/acs.org.br\/academy\/wp-json\/wp\/v2\/categories?post=100086"},{"taxonomy":"post_tag","embeddable":true,"href":"https:\/\/acs.org.br\/academy\/wp-json\/wp\/v2\/tags?post=100086"}],"curies":[{"name":"wp","href":"https:\/\/api.w.org\/{rel}","templated":true}]}}