{"id":100081,"date":"2021-09-21T09:19:50","date_gmt":"2021-09-21T12:19:50","guid":{"rendered":"https:\/\/acs.org.br\/antigo\/?p=100081"},"modified":"2021-09-21T09:19:50","modified_gmt":"2021-09-21T12:19:50","slug":"politica-governadores-de-20-estados-dizem-em-nota-que-alta-do-preco-da-gasolina-e-problema-nacional","status":"publish","type":"post","link":"https:\/\/acs.org.br\/academy\/politica-governadores-de-20-estados-dizem-em-nota-que-alta-do-preco-da-gasolina-e-problema-nacional\/","title":{"rendered":"POL\u00cdTICA: Governadores de 20 estados dizem em nota que alta do pre\u00e7o da gasolina \u00e9 &#8216;problema nacional&#8217;"},"content":{"rendered":"<p>Fonte: G1<\/p>\n<p>Vinte governadores divulgaram nota na qual afirmam que o aumento do pre\u00e7o da gasolina \u00e9 um &#8220;problema nacional&#8221; e n\u00e3o das unidades da federa\u00e7\u00e3o.<\/p>\n<p><a href=\"https:\/\/g1.globo.com\/politica\/noticia\/2021\/09\/20\/governadores-de-20-estados-dizem-em-carta-que-alta-do-preco-da-gasolina-e-problema-nacional.ghtml\">LEIA MAIS&#8230;<\/a><\/p>\n<p>&nbsp;<\/p>\n","protected":false},"excerpt":{"rendered":"<p>Fonte: G1 Vinte governadores divulgaram nota na qual afirmam que o aumento do pre\u00e7o da gasolina \u00e9 um &#8220;problema nacional&#8221; e n\u00e3o das unidades da federa\u00e7\u00e3o. LEIA MAIS&#8230; &nbsp;<\/p>\n","protected":false},"author":3,"featured_media":0,"comment_status":"open","ping_status":"open","sticky":false,"template":"","format":"standard","meta":{"footnotes":""},"categories":[105],"tags":[],"_links":{"self":[{"href":"https:\/\/acs.org.br\/academy\/wp-json\/wp\/v2\/posts\/100081"}],"collection":[{"href":"https:\/\/acs.org.br\/academy\/wp-json\/wp\/v2\/posts"}],"about":[{"href":"https:\/\/acs.org.br\/academy\/wp-json\/wp\/v2\/types\/post"}],"author":[{"embeddable":true,"href":"https:\/\/acs.org.br\/academy\/wp-json\/wp\/v2\/users\/3"}],"replies":[{"embeddable":true,"href":"https:\/\/acs.org.br\/academy\/wp-json\/wp\/v2\/comments?post=100081"}],"version-history":[{"count":1,"href":"https:\/\/acs.org.br\/academy\/wp-json\/wp\/v2\/posts\/100081\/revisions"}],"predecessor-version":[{"id":100082,"href":"https:\/\/acs.org.br\/academy\/wp-json\/wp\/v2\/posts\/100081\/revisions\/100082"}],"wp:attachment":[{"href":"https:\/\/acs.org.br\/academy\/wp-json\/wp\/v2\/media?parent=100081"}],"wp:term":[{"taxonomy":"category","embeddable":true,"href":"https:\/\/acs.org.br\/academy\/wp-json\/wp\/v2\/categories?post=100081"},{"taxonomy":"post_tag","embeddable":true,"href":"https:\/\/acs.org.br\/academy\/wp-json\/wp\/v2\/tags?post=100081"}],"curies":[{"name":"wp","href":"https:\/\/api.w.org\/{rel}","templated":true}]}}