{"id":100079,"date":"2021-09-21T09:18:34","date_gmt":"2021-09-21T12:18:34","guid":{"rendered":"https:\/\/acs.org.br\/antigo\/?p=100079"},"modified":"2021-09-21T09:18:34","modified_gmt":"2021-09-21T12:18:34","slug":"atualidades-bolsonaro-discursa-na-onu-meio-ambiente-e-pandemia-devem-ser-pautas","status":"publish","type":"post","link":"https:\/\/acs.org.br\/academy\/atualidades-bolsonaro-discursa-na-onu-meio-ambiente-e-pandemia-devem-ser-pautas\/","title":{"rendered":"ATUALIDADES: Bolsonaro discursa na ONU: meio ambiente e pandemia devem ser pautas"},"content":{"rendered":"<p>Fonte: CNN Brasil<\/p>\n<p>O presidente Jair Bolsonaro dedicou-se nas \u00faltimas semanas a modular o discurso que far\u00e1 na manh\u00e3 desta ter\u00e7a-feira (21) na abertura da Assembleia-Geral da Organiza\u00e7\u00e3o das Na\u00e7\u00f5es Unidas (ONU).<\/p>\n<p><a href=\"https:\/\/www.cnnbrasil.com.br\/internacional\/bolsonaro-discursa-na-onu-meio-ambiente-e-pandemia-devem-ser-pautas\/\">LEIA MAIS&#8230;<\/a><\/p>\n","protected":false},"excerpt":{"rendered":"<p>Fonte: CNN Brasil O presidente Jair Bolsonaro dedicou-se nas \u00faltimas semanas a modular o discurso que far\u00e1 na manh\u00e3 desta ter\u00e7a-feira (21) na abertura da Assembleia-Geral da Organiza\u00e7\u00e3o das Na\u00e7\u00f5es Unidas (ONU). LEIA MAIS&#8230;<\/p>\n","protected":false},"author":3,"featured_media":0,"comment_status":"open","ping_status":"open","sticky":false,"template":"","format":"standard","meta":{"footnotes":""},"categories":[105],"tags":[],"_links":{"self":[{"href":"https:\/\/acs.org.br\/academy\/wp-json\/wp\/v2\/posts\/100079"}],"collection":[{"href":"https:\/\/acs.org.br\/academy\/wp-json\/wp\/v2\/posts"}],"about":[{"href":"https:\/\/acs.org.br\/academy\/wp-json\/wp\/v2\/types\/post"}],"author":[{"embeddable":true,"href":"https:\/\/acs.org.br\/academy\/wp-json\/wp\/v2\/users\/3"}],"replies":[{"embeddable":true,"href":"https:\/\/acs.org.br\/academy\/wp-json\/wp\/v2\/comments?post=100079"}],"version-history":[{"count":1,"href":"https:\/\/acs.org.br\/academy\/wp-json\/wp\/v2\/posts\/100079\/revisions"}],"predecessor-version":[{"id":100080,"href":"https:\/\/acs.org.br\/academy\/wp-json\/wp\/v2\/posts\/100079\/revisions\/100080"}],"wp:attachment":[{"href":"https:\/\/acs.org.br\/academy\/wp-json\/wp\/v2\/media?parent=100079"}],"wp:term":[{"taxonomy":"category","embeddable":true,"href":"https:\/\/acs.org.br\/academy\/wp-json\/wp\/v2\/categories?post=100079"},{"taxonomy":"post_tag","embeddable":true,"href":"https:\/\/acs.org.br\/academy\/wp-json\/wp\/v2\/tags?post=100079"}],"curies":[{"name":"wp","href":"https:\/\/api.w.org\/{rel}","templated":true}]}}