{"id":100077,"date":"2021-09-21T09:11:41","date_gmt":"2021-09-21T12:11:41","guid":{"rendered":"https:\/\/acs.org.br\/antigo\/?p=100077"},"modified":"2021-09-21T09:11:41","modified_gmt":"2021-09-21T12:11:41","slug":"economia-ocde-reduz-previsao-de-crescimento-economico-mundial-para-57-em-2021","status":"publish","type":"post","link":"https:\/\/acs.org.br\/academy\/economia-ocde-reduz-previsao-de-crescimento-economico-mundial-para-57-em-2021\/","title":{"rendered":"ECONOMIA: OCDE reduz previs\u00e3o de crescimento econ\u00f4mico mundial para 5,7% em 2021"},"content":{"rendered":"<p>Fonte: G1 \/ France Press<\/p>\n<p>A economia mundial deve crescer 5,7% em 2021, anunciou nesta ter\u00e7a-feira (21) a Organiza\u00e7\u00e3o para a Coopera\u00e7\u00e3o e o Desenvolvimento Econ\u00f4micos (OCDE), que reduziu em um d\u00e9cimo sua previs\u00e3o anterior e destacou uma recupera\u00e7\u00e3o &#8220;muito desigual&#8221; da crise de Covid-19.<\/p>\n<p><a href=\"https:\/\/g1.globo.com\/economia\/noticia\/2021\/09\/21\/ocde-reduz-previsao-de-crescimento-economico-mundial-para-57-em-2021.ghtml\">LEIA MAIS&#8230;<\/a><\/p>\n<p>&nbsp;<\/p>\n","protected":false},"excerpt":{"rendered":"<p>Fonte: G1 \/ France Press A economia mundial deve crescer 5,7% em 2021, anunciou nesta ter\u00e7a-feira (21) a Organiza\u00e7\u00e3o para a Coopera\u00e7\u00e3o e o Desenvolvimento Econ\u00f4micos (OCDE), que reduziu em um d\u00e9cimo sua previs\u00e3o anterior e destacou uma recupera\u00e7\u00e3o &#8220;muito desigual&#8221; da crise de Covid-19. LEIA MAIS&#8230; &nbsp;<\/p>\n","protected":false},"author":3,"featured_media":0,"comment_status":"open","ping_status":"open","sticky":false,"template":"","format":"standard","meta":{"footnotes":""},"categories":[105],"tags":[],"_links":{"self":[{"href":"https:\/\/acs.org.br\/academy\/wp-json\/wp\/v2\/posts\/100077"}],"collection":[{"href":"https:\/\/acs.org.br\/academy\/wp-json\/wp\/v2\/posts"}],"about":[{"href":"https:\/\/acs.org.br\/academy\/wp-json\/wp\/v2\/types\/post"}],"author":[{"embeddable":true,"href":"https:\/\/acs.org.br\/academy\/wp-json\/wp\/v2\/users\/3"}],"replies":[{"embeddable":true,"href":"https:\/\/acs.org.br\/academy\/wp-json\/wp\/v2\/comments?post=100077"}],"version-history":[{"count":1,"href":"https:\/\/acs.org.br\/academy\/wp-json\/wp\/v2\/posts\/100077\/revisions"}],"predecessor-version":[{"id":100078,"href":"https:\/\/acs.org.br\/academy\/wp-json\/wp\/v2\/posts\/100077\/revisions\/100078"}],"wp:attachment":[{"href":"https:\/\/acs.org.br\/academy\/wp-json\/wp\/v2\/media?parent=100077"}],"wp:term":[{"taxonomy":"category","embeddable":true,"href":"https:\/\/acs.org.br\/academy\/wp-json\/wp\/v2\/categories?post=100077"},{"taxonomy":"post_tag","embeddable":true,"href":"https:\/\/acs.org.br\/academy\/wp-json\/wp\/v2\/tags?post=100077"}],"curies":[{"name":"wp","href":"https:\/\/api.w.org\/{rel}","templated":true}]}}