{"id":100074,"date":"2021-09-21T09:10:17","date_gmt":"2021-09-21T12:10:17","guid":{"rendered":"https:\/\/acs.org.br\/antigo\/?p=100074"},"modified":"2021-09-21T09:10:17","modified_gmt":"2021-09-21T12:10:17","slug":"economia-crise-na-evergrande-por-que-o-mercado-esta-em-alerta-e-quais-as-possiveis-consequencias-para-o-brasil-e-o-mundo","status":"publish","type":"post","link":"https:\/\/acs.org.br\/academy\/economia-crise-na-evergrande-por-que-o-mercado-esta-em-alerta-e-quais-as-possiveis-consequencias-para-o-brasil-e-o-mundo\/","title":{"rendered":"ECONOMIA: Crise na Evergrande: por que o mercado est\u00e1 em alerta e quais as poss\u00edveis consequ\u00eancias para o Brasil e o mundo"},"content":{"rendered":"<p>Fonte: G1<\/p>\n<p>O mercado financeiro global abriu a segunda-feira (20) em derretimento com not\u00edcias preocupantes do grupo de constru\u00e7\u00e3o chin\u00eas Evergrande, levantando preocupa\u00e7\u00f5es com um poss\u00edvel &#8220;alerta de quebradeira&#8221; na China \u2013 e no mundo.<\/p>\n<p><a href=\"https:\/\/g1.globo.com\/economia\/noticia\/2021\/09\/20\/crise-na-evergrande-por-que-o-mercado-esta-em-alerta-e-quais-as-possiveis-consequencias-para-o-brasil-e-o-mundo.ghtml\">LEIA MAIS&#8230;<\/a><\/p>\n<p>&nbsp;<\/p>\n","protected":false},"excerpt":{"rendered":"<p>Fonte: G1 O mercado financeiro global abriu a segunda-feira (20) em derretimento com not\u00edcias preocupantes do grupo de constru\u00e7\u00e3o chin\u00eas Evergrande, levantando preocupa\u00e7\u00f5es com um poss\u00edvel &#8220;alerta de quebradeira&#8221; na China \u2013 e no mundo. LEIA MAIS&#8230; &nbsp;<\/p>\n","protected":false},"author":3,"featured_media":100075,"comment_status":"open","ping_status":"open","sticky":false,"template":"","format":"standard","meta":{"footnotes":""},"categories":[105],"tags":[],"_links":{"self":[{"href":"https:\/\/acs.org.br\/academy\/wp-json\/wp\/v2\/posts\/100074"}],"collection":[{"href":"https:\/\/acs.org.br\/academy\/wp-json\/wp\/v2\/posts"}],"about":[{"href":"https:\/\/acs.org.br\/academy\/wp-json\/wp\/v2\/types\/post"}],"author":[{"embeddable":true,"href":"https:\/\/acs.org.br\/academy\/wp-json\/wp\/v2\/users\/3"}],"replies":[{"embeddable":true,"href":"https:\/\/acs.org.br\/academy\/wp-json\/wp\/v2\/comments?post=100074"}],"version-history":[{"count":1,"href":"https:\/\/acs.org.br\/academy\/wp-json\/wp\/v2\/posts\/100074\/revisions"}],"predecessor-version":[{"id":100076,"href":"https:\/\/acs.org.br\/academy\/wp-json\/wp\/v2\/posts\/100074\/revisions\/100076"}],"wp:featuredmedia":[{"embeddable":true,"href":"https:\/\/acs.org.br\/academy\/wp-json\/wp\/v2\/media\/100075"}],"wp:attachment":[{"href":"https:\/\/acs.org.br\/academy\/wp-json\/wp\/v2\/media?parent=100074"}],"wp:term":[{"taxonomy":"category","embeddable":true,"href":"https:\/\/acs.org.br\/academy\/wp-json\/wp\/v2\/categories?post=100074"},{"taxonomy":"post_tag","embeddable":true,"href":"https:\/\/acs.org.br\/academy\/wp-json\/wp\/v2\/tags?post=100074"}],"curies":[{"name":"wp","href":"https:\/\/api.w.org\/{rel}","templated":true}]}}