{"id":100055,"date":"2021-09-21T08:15:32","date_gmt":"2021-09-21T11:15:32","guid":{"rendered":"https:\/\/acs.org.br\/antigo\/?p=100055"},"modified":"2021-09-21T08:15:32","modified_gmt":"2021-09-21T11:15:32","slug":"porto-ultracargo-prepara-novo-acesso","status":"publish","type":"post","link":"https:\/\/acs.org.br\/academy\/porto-ultracargo-prepara-novo-acesso\/","title":{"rendered":"PORTO: Ultracargo prepara novo acesso"},"content":{"rendered":"<p>Fonte: A Tribuna<\/p>\n<p>O terminal da Ultracargo no Porto de Santos negocia a constru\u00e7\u00e3o de um ramal ferrovi\u00e1rio exclusivo para suas instala\u00e7\u00f5es, especializadas na movimenta\u00e7\u00e3o de gran\u00e9is l\u00edquidos e localizadas na regi\u00e3o da Alemoa, na Margem Direita do complexo mar\u00edtimo<\/p>\n<p><a href=\"https:\/\/acs.org.br\/antigo\/wp-content\/uploads\/2021\/09\/PORTO2109_02.pdf\">LEIA MAIS&#8230;<\/a><\/p>\n","protected":false},"excerpt":{"rendered":"<p>Fonte: A Tribuna O terminal da Ultracargo no Porto de Santos negocia a constru\u00e7\u00e3o de um ramal ferrovi\u00e1rio exclusivo para suas instala\u00e7\u00f5es, especializadas na movimenta\u00e7\u00e3o de gran\u00e9is l\u00edquidos e localizadas na regi\u00e3o da Alemoa, na Margem Direita do complexo mar\u00edtimo LEIA MAIS&#8230;<\/p>\n","protected":false},"author":2,"featured_media":0,"comment_status":"open","ping_status":"open","sticky":false,"template":"","format":"standard","meta":{"footnotes":""},"categories":[105],"tags":[],"_links":{"self":[{"href":"https:\/\/acs.org.br\/academy\/wp-json\/wp\/v2\/posts\/100055"}],"collection":[{"href":"https:\/\/acs.org.br\/academy\/wp-json\/wp\/v2\/posts"}],"about":[{"href":"https:\/\/acs.org.br\/academy\/wp-json\/wp\/v2\/types\/post"}],"author":[{"embeddable":true,"href":"https:\/\/acs.org.br\/academy\/wp-json\/wp\/v2\/users\/2"}],"replies":[{"embeddable":true,"href":"https:\/\/acs.org.br\/academy\/wp-json\/wp\/v2\/comments?post=100055"}],"version-history":[{"count":1,"href":"https:\/\/acs.org.br\/academy\/wp-json\/wp\/v2\/posts\/100055\/revisions"}],"predecessor-version":[{"id":100057,"href":"https:\/\/acs.org.br\/academy\/wp-json\/wp\/v2\/posts\/100055\/revisions\/100057"}],"wp:attachment":[{"href":"https:\/\/acs.org.br\/academy\/wp-json\/wp\/v2\/media?parent=100055"}],"wp:term":[{"taxonomy":"category","embeddable":true,"href":"https:\/\/acs.org.br\/academy\/wp-json\/wp\/v2\/categories?post=100055"},{"taxonomy":"post_tag","embeddable":true,"href":"https:\/\/acs.org.br\/academy\/wp-json\/wp\/v2\/tags?post=100055"}],"curies":[{"name":"wp","href":"https:\/\/api.w.org\/{rel}","templated":true}]}}