{"id":100052,"date":"2021-09-21T08:13:25","date_gmt":"2021-09-21T11:13:25","guid":{"rendered":"https:\/\/acs.org.br\/antigo\/?p=100052"},"modified":"2021-09-21T08:13:25","modified_gmt":"2021-09-21T11:13:25","slug":"porto-desestatizacao-em-debate","status":"publish","type":"post","link":"https:\/\/acs.org.br\/academy\/porto-desestatizacao-em-debate\/","title":{"rendered":"PORTO: Desestatiza\u00e7\u00e3o em debate"},"content":{"rendered":"<p>A desestatiza\u00e7\u00e3o da administra\u00e7\u00e3o do Porto de Santos e suas implica\u00e7\u00f5es s\u00e3o as pautas do dia no setor. O tema ser\u00e1 debatido com autoridades, empres\u00e1rios e especialistas durante 2\u00ba Encontro Porto &amp; Mar, promovido pelo Grupo Tribuna<\/p>\n<p><a href=\"https:\/\/acs.org.br\/antigo\/wp-content\/uploads\/2021\/09\/PORTO2109_01.pdf\">LEIA MAIS&#8230;<\/a><\/p>\n","protected":false},"excerpt":{"rendered":"<p>A desestatiza\u00e7\u00e3o da administra\u00e7\u00e3o do Porto de Santos e suas implica\u00e7\u00f5es s\u00e3o as pautas do dia no setor. O tema ser\u00e1 debatido com autoridades, empres\u00e1rios e especialistas durante 2\u00ba Encontro Porto &amp; Mar, promovido pelo Grupo Tribuna LEIA MAIS&#8230;<\/p>\n","protected":false},"author":2,"featured_media":0,"comment_status":"open","ping_status":"open","sticky":false,"template":"","format":"standard","meta":{"footnotes":""},"categories":[105],"tags":[],"_links":{"self":[{"href":"https:\/\/acs.org.br\/academy\/wp-json\/wp\/v2\/posts\/100052"}],"collection":[{"href":"https:\/\/acs.org.br\/academy\/wp-json\/wp\/v2\/posts"}],"about":[{"href":"https:\/\/acs.org.br\/academy\/wp-json\/wp\/v2\/types\/post"}],"author":[{"embeddable":true,"href":"https:\/\/acs.org.br\/academy\/wp-json\/wp\/v2\/users\/2"}],"replies":[{"embeddable":true,"href":"https:\/\/acs.org.br\/academy\/wp-json\/wp\/v2\/comments?post=100052"}],"version-history":[{"count":1,"href":"https:\/\/acs.org.br\/academy\/wp-json\/wp\/v2\/posts\/100052\/revisions"}],"predecessor-version":[{"id":100054,"href":"https:\/\/acs.org.br\/academy\/wp-json\/wp\/v2\/posts\/100052\/revisions\/100054"}],"wp:attachment":[{"href":"https:\/\/acs.org.br\/academy\/wp-json\/wp\/v2\/media?parent=100052"}],"wp:term":[{"taxonomy":"category","embeddable":true,"href":"https:\/\/acs.org.br\/academy\/wp-json\/wp\/v2\/categories?post=100052"},{"taxonomy":"post_tag","embeddable":true,"href":"https:\/\/acs.org.br\/academy\/wp-json\/wp\/v2\/tags?post=100052"}],"curies":[{"name":"wp","href":"https:\/\/api.w.org\/{rel}","templated":true}]}}