{"id":100045,"date":"2021-09-20T11:02:07","date_gmt":"2021-09-20T14:02:07","guid":{"rendered":"https:\/\/acs.org.br\/antigo\/?p=100045"},"modified":"2021-09-20T11:02:07","modified_gmt":"2021-09-20T14:02:07","slug":"economia-edital-de-5g-deve-ser-julgado-nesta-semana","status":"publish","type":"post","link":"https:\/\/acs.org.br\/academy\/economia-edital-de-5g-deve-ser-julgado-nesta-semana\/","title":{"rendered":"ECONOMIA: Edital de 5G deve ser julgado nesta semana"},"content":{"rendered":"<p>Fonte: Valor Econ\u00f4mico<\/p>\n<p>Autor do pedido de vista que adiou a an\u00e1lise do edital do leil\u00e3o de licen\u00e7as da quinta gera\u00e7\u00e3o de telefonia m\u00f3vel (5G) na sess\u00e3o realizada pelo comando da Ag\u00eancia Nacional de Telecomunica\u00e7\u00f5es (Anatel) no dia 13, o conselheiro Mois\u00e9s Moreira revelou ao Valor que pretende pautar o julgamento da vers\u00e3o final do edital para a sexta-feira, dia 24.<\/p>\n<p><a href=\"https:\/\/acs.org.br\/antigo\/wp-content\/uploads\/2021\/09\/5G-20.pdf\">LEIA MAIS&#8230;<\/a><\/p>\n<p>&nbsp;<\/p>\n","protected":false},"excerpt":{"rendered":"<p>Fonte: Valor Econ\u00f4mico Autor do pedido de vista que adiou a an\u00e1lise do edital do leil\u00e3o de licen\u00e7as da quinta gera\u00e7\u00e3o de telefonia m\u00f3vel (5G) na sess\u00e3o realizada pelo comando da Ag\u00eancia Nacional de Telecomunica\u00e7\u00f5es (Anatel) no dia 13, o conselheiro Mois\u00e9s Moreira revelou ao Valor que pretende pautar o julgamento da vers\u00e3o final do [&hellip;]<\/p>\n","protected":false},"author":3,"featured_media":0,"comment_status":"open","ping_status":"open","sticky":false,"template":"","format":"standard","meta":{"footnotes":""},"categories":[105],"tags":[],"_links":{"self":[{"href":"https:\/\/acs.org.br\/academy\/wp-json\/wp\/v2\/posts\/100045"}],"collection":[{"href":"https:\/\/acs.org.br\/academy\/wp-json\/wp\/v2\/posts"}],"about":[{"href":"https:\/\/acs.org.br\/academy\/wp-json\/wp\/v2\/types\/post"}],"author":[{"embeddable":true,"href":"https:\/\/acs.org.br\/academy\/wp-json\/wp\/v2\/users\/3"}],"replies":[{"embeddable":true,"href":"https:\/\/acs.org.br\/academy\/wp-json\/wp\/v2\/comments?post=100045"}],"version-history":[{"count":1,"href":"https:\/\/acs.org.br\/academy\/wp-json\/wp\/v2\/posts\/100045\/revisions"}],"predecessor-version":[{"id":100047,"href":"https:\/\/acs.org.br\/academy\/wp-json\/wp\/v2\/posts\/100045\/revisions\/100047"}],"wp:attachment":[{"href":"https:\/\/acs.org.br\/academy\/wp-json\/wp\/v2\/media?parent=100045"}],"wp:term":[{"taxonomy":"category","embeddable":true,"href":"https:\/\/acs.org.br\/academy\/wp-json\/wp\/v2\/categories?post=100045"},{"taxonomy":"post_tag","embeddable":true,"href":"https:\/\/acs.org.br\/academy\/wp-json\/wp\/v2\/tags?post=100045"}],"curies":[{"name":"wp","href":"https:\/\/api.w.org\/{rel}","templated":true}]}}