{"id":100043,"date":"2021-09-20T10:23:40","date_gmt":"2021-09-20T13:23:40","guid":{"rendered":"https:\/\/acs.org.br\/antigo\/?p=100043"},"modified":"2021-09-20T10:24:32","modified_gmt":"2021-09-20T13:24:32","slug":"cafe-impactos-climaticos-sera-tema-de-forum-on-line-realizado-pela-cooxupe","status":"publish","type":"post","link":"https:\/\/acs.org.br\/academy\/cafe-impactos-climaticos-sera-tema-de-forum-on-line-realizado-pela-cooxupe\/","title":{"rendered":"CAF\u00c9: Impactos clim\u00e1ticos ser\u00e1 tema de f\u00f3rum on-line realizado pela Cooxup\u00e9"},"content":{"rendered":"<p>Fonte: Caf\u00e9 Point<\/p>\n<p>No dia 21 de setembro, \u00e0s 14h, a Cooperativa Regional dos Cafeicultores em Guaxup\u00e9 (Cooxup\u00e9) realiza o 3\u00ba F\u00f3rum T\u00e9cnico Caf\u00e9 e Clima, evento 100% on-line que ser\u00e1 transmitido atrav\u00e9s do YouTube.<\/p>\n<p><a href=\"https:\/\/www.cafepoint.com.br\/noticias\/agenda-do-produtor\/impactos-climaticos-sera-tema-de-forum-online-realizado-pela-cooxupe-227297\/\">LEIA MAIS&#8230;<\/a><\/p>\n<p>&nbsp;<\/p>\n","protected":false},"excerpt":{"rendered":"<p>Fonte: Caf\u00e9 Point No dia 21 de setembro, \u00e0s 14h, a Cooperativa Regional dos Cafeicultores em Guaxup\u00e9 (Cooxup\u00e9) realiza o 3\u00ba F\u00f3rum T\u00e9cnico Caf\u00e9 e Clima, evento 100% on-line que ser\u00e1 transmitido atrav\u00e9s do YouTube. LEIA MAIS&#8230; &nbsp;<\/p>\n","protected":false},"author":3,"featured_media":0,"comment_status":"open","ping_status":"open","sticky":false,"template":"","format":"standard","meta":{"footnotes":""},"categories":[105],"tags":[],"_links":{"self":[{"href":"https:\/\/acs.org.br\/academy\/wp-json\/wp\/v2\/posts\/100043"}],"collection":[{"href":"https:\/\/acs.org.br\/academy\/wp-json\/wp\/v2\/posts"}],"about":[{"href":"https:\/\/acs.org.br\/academy\/wp-json\/wp\/v2\/types\/post"}],"author":[{"embeddable":true,"href":"https:\/\/acs.org.br\/academy\/wp-json\/wp\/v2\/users\/3"}],"replies":[{"embeddable":true,"href":"https:\/\/acs.org.br\/academy\/wp-json\/wp\/v2\/comments?post=100043"}],"version-history":[{"count":1,"href":"https:\/\/acs.org.br\/academy\/wp-json\/wp\/v2\/posts\/100043\/revisions"}],"predecessor-version":[{"id":100044,"href":"https:\/\/acs.org.br\/academy\/wp-json\/wp\/v2\/posts\/100043\/revisions\/100044"}],"wp:attachment":[{"href":"https:\/\/acs.org.br\/academy\/wp-json\/wp\/v2\/media?parent=100043"}],"wp:term":[{"taxonomy":"category","embeddable":true,"href":"https:\/\/acs.org.br\/academy\/wp-json\/wp\/v2\/categories?post=100043"},{"taxonomy":"post_tag","embeddable":true,"href":"https:\/\/acs.org.br\/academy\/wp-json\/wp\/v2\/tags?post=100043"}],"curies":[{"name":"wp","href":"https:\/\/api.w.org\/{rel}","templated":true}]}}