{"id":100036,"date":"2021-09-20T10:17:04","date_gmt":"2021-09-20T13:17:04","guid":{"rendered":"https:\/\/acs.org.br\/antigo\/?p=100036"},"modified":"2021-09-20T11:23:12","modified_gmt":"2021-09-20T14:23:12","slug":"atualidades-chuva-e-frio-chegam-ao-litoral-de-sp-nos-proximos-dias-e-fazem-temperatura-cair","status":"publish","type":"post","link":"https:\/\/acs.org.br\/academy\/atualidades-chuva-e-frio-chegam-ao-litoral-de-sp-nos-proximos-dias-e-fazem-temperatura-cair\/","title":{"rendered":"ATUALIDADES: Chuva e frio chegam ao litoral de SP nos pr\u00f3ximos dias e fazem temperatura cair"},"content":{"rendered":"<p>Fonte: A Tribuna online<\/p>\n<p>A Baixada Santista ter\u00e1 uma grande mudan\u00e7a de temperatura nos pr\u00f3ximos dias. \u00c9 esperado que esta semana comece com sol e altas temperaturas, mas termine com chuvas.<\/p>\n<p><a href=\"https:\/\/acs.org.br\/antigo\/wp-content\/uploads\/2021\/09\/CHUVA.pdf\">LEIA MAIS&#8230;<\/a><\/p>\n","protected":false},"excerpt":{"rendered":"<p>Fonte: A Tribuna online A Baixada Santista ter\u00e1 uma grande mudan\u00e7a de temperatura nos pr\u00f3ximos dias. \u00c9 esperado que esta semana comece com sol e altas temperaturas, mas termine com chuvas. LEIA MAIS&#8230;<\/p>\n","protected":false},"author":3,"featured_media":100038,"comment_status":"open","ping_status":"open","sticky":false,"template":"","format":"standard","meta":{"footnotes":""},"categories":[105],"tags":[],"_links":{"self":[{"href":"https:\/\/acs.org.br\/academy\/wp-json\/wp\/v2\/posts\/100036"}],"collection":[{"href":"https:\/\/acs.org.br\/academy\/wp-json\/wp\/v2\/posts"}],"about":[{"href":"https:\/\/acs.org.br\/academy\/wp-json\/wp\/v2\/types\/post"}],"author":[{"embeddable":true,"href":"https:\/\/acs.org.br\/academy\/wp-json\/wp\/v2\/users\/3"}],"replies":[{"embeddable":true,"href":"https:\/\/acs.org.br\/academy\/wp-json\/wp\/v2\/comments?post=100036"}],"version-history":[{"count":2,"href":"https:\/\/acs.org.br\/academy\/wp-json\/wp\/v2\/posts\/100036\/revisions"}],"predecessor-version":[{"id":100048,"href":"https:\/\/acs.org.br\/academy\/wp-json\/wp\/v2\/posts\/100036\/revisions\/100048"}],"wp:featuredmedia":[{"embeddable":true,"href":"https:\/\/acs.org.br\/academy\/wp-json\/wp\/v2\/media\/100038"}],"wp:attachment":[{"href":"https:\/\/acs.org.br\/academy\/wp-json\/wp\/v2\/media?parent=100036"}],"wp:term":[{"taxonomy":"category","embeddable":true,"href":"https:\/\/acs.org.br\/academy\/wp-json\/wp\/v2\/categories?post=100036"},{"taxonomy":"post_tag","embeddable":true,"href":"https:\/\/acs.org.br\/academy\/wp-json\/wp\/v2\/tags?post=100036"}],"curies":[{"name":"wp","href":"https:\/\/api.w.org\/{rel}","templated":true}]}}