{"id":100025,"date":"2021-09-20T09:31:52","date_gmt":"2021-09-20T12:31:52","guid":{"rendered":"https:\/\/acs.org.br\/antigo\/?p=100025"},"modified":"2021-09-20T09:32:33","modified_gmt":"2021-09-20T12:32:33","slug":"porto-antaq-institui-grupo-tecnico-para-acompanhar-assuntos-relacionados-a-imo","status":"publish","type":"post","link":"https:\/\/acs.org.br\/academy\/porto-antaq-institui-grupo-tecnico-para-acompanhar-assuntos-relacionados-a-imo\/","title":{"rendered":"PORTO: Antaq institui grupo t\u00e9cnico para acompanhar assuntos relacionados \u00e0 IMO"},"content":{"rendered":"<p>Fonte: Informativo dos Portos<\/p>\n<p>A Ag\u00eancia Nacional de Transportes Aquavi\u00e1rios \u2013 ANTAQ instituiu Grupo T\u00e9cnico (GT) para acompanhar discuss\u00f5es no \u00e2mbito da Organiza\u00e7\u00e3o Mar\u00edtima Internacional (IMO) e auxiliar a Ag\u00eancia nas decis\u00f5es e posicionamentos institucionais com rela\u00e7\u00e3o aos assuntos tratados por aquela organiza\u00e7\u00e3o.<\/p>\n<p><a href=\"https:\/\/www.informativodosportos.com.br\/antaq-institui-grupo-tecnico-para-acompanhar-assuntos-relacionados-a-imo\/\">LEIA MAIS&#8230;<\/a><\/p>\n","protected":false},"excerpt":{"rendered":"<p>Fonte: Informativo dos Portos A Ag\u00eancia Nacional de Transportes Aquavi\u00e1rios \u2013 ANTAQ instituiu Grupo T\u00e9cnico (GT) para acompanhar discuss\u00f5es no \u00e2mbito da Organiza\u00e7\u00e3o Mar\u00edtima Internacional (IMO) e auxiliar a Ag\u00eancia nas decis\u00f5es e posicionamentos institucionais com rela\u00e7\u00e3o aos assuntos tratados por aquela organiza\u00e7\u00e3o. LEIA MAIS&#8230;<\/p>\n","protected":false},"author":3,"featured_media":100027,"comment_status":"open","ping_status":"open","sticky":false,"template":"","format":"standard","meta":{"footnotes":""},"categories":[105],"tags":[],"_links":{"self":[{"href":"https:\/\/acs.org.br\/academy\/wp-json\/wp\/v2\/posts\/100025"}],"collection":[{"href":"https:\/\/acs.org.br\/academy\/wp-json\/wp\/v2\/posts"}],"about":[{"href":"https:\/\/acs.org.br\/academy\/wp-json\/wp\/v2\/types\/post"}],"author":[{"embeddable":true,"href":"https:\/\/acs.org.br\/academy\/wp-json\/wp\/v2\/users\/3"}],"replies":[{"embeddable":true,"href":"https:\/\/acs.org.br\/academy\/wp-json\/wp\/v2\/comments?post=100025"}],"version-history":[{"count":1,"href":"https:\/\/acs.org.br\/academy\/wp-json\/wp\/v2\/posts\/100025\/revisions"}],"predecessor-version":[{"id":100026,"href":"https:\/\/acs.org.br\/academy\/wp-json\/wp\/v2\/posts\/100025\/revisions\/100026"}],"wp:featuredmedia":[{"embeddable":true,"href":"https:\/\/acs.org.br\/academy\/wp-json\/wp\/v2\/media\/100027"}],"wp:attachment":[{"href":"https:\/\/acs.org.br\/academy\/wp-json\/wp\/v2\/media?parent=100025"}],"wp:term":[{"taxonomy":"category","embeddable":true,"href":"https:\/\/acs.org.br\/academy\/wp-json\/wp\/v2\/categories?post=100025"},{"taxonomy":"post_tag","embeddable":true,"href":"https:\/\/acs.org.br\/academy\/wp-json\/wp\/v2\/tags?post=100025"}],"curies":[{"name":"wp","href":"https:\/\/api.w.org\/{rel}","templated":true}]}}