{"id":100023,"date":"2021-09-20T09:29:58","date_gmt":"2021-09-20T12:29:58","guid":{"rendered":"https:\/\/acs.org.br\/antigo\/?p=100023"},"modified":"2021-09-20T09:29:58","modified_gmt":"2021-09-20T12:29:58","slug":"porto-governo-lanca-obra-da-ferrovia-de-integracao-do-centro-oeste","status":"publish","type":"post","link":"https:\/\/acs.org.br\/academy\/porto-governo-lanca-obra-da-ferrovia-de-integracao-do-centro-oeste\/","title":{"rendered":"PORTO: Governo lan\u00e7a obra da Ferrovia de Integra\u00e7\u00e3o do Centro-Oeste"},"content":{"rendered":"<p>Fonte: Ag\u00eancia Porto<\/p>\n<p>Os novos caminhos que conduzir\u00e3o a pujante safra produzida no Centro-Oeste em dire\u00e7\u00e3o aos portos das demais regi\u00f5es brasileiras come\u00e7aram a ser sedimentados nesta sexta-feira (17). Atrav\u00e9s do Minist\u00e9rio da Infraestrutura, o Governo Federal deu in\u00edcio \u00e0 constru\u00e7\u00e3o dos 383 quil\u00f4metros iniciais da Ferrovia de Integra\u00e7\u00e3o Centro-Oeste (Fico), ligando os munic\u00edpios de Mara Rosa (GO) e \u00c1gua Boa (MT).<\/p>\n<p><a href=\"http:\/\/agenciaporto.com\/governo-lanca-obra-da-ferrovia-de-integracao-do-centro-oeste\/\">LEIA MAIS&#8230;<\/a><\/p>\n<p>&nbsp;<\/p>\n","protected":false},"excerpt":{"rendered":"<p>Fonte: Ag\u00eancia Porto Os novos caminhos que conduzir\u00e3o a pujante safra produzida no Centro-Oeste em dire\u00e7\u00e3o aos portos das demais regi\u00f5es brasileiras come\u00e7aram a ser sedimentados nesta sexta-feira (17). Atrav\u00e9s do Minist\u00e9rio da Infraestrutura, o Governo Federal deu in\u00edcio \u00e0 constru\u00e7\u00e3o dos 383 quil\u00f4metros iniciais da Ferrovia de Integra\u00e7\u00e3o Centro-Oeste (Fico), ligando os munic\u00edpios de [&hellip;]<\/p>\n","protected":false},"author":3,"featured_media":0,"comment_status":"open","ping_status":"open","sticky":false,"template":"","format":"standard","meta":{"footnotes":""},"categories":[105],"tags":[],"_links":{"self":[{"href":"https:\/\/acs.org.br\/academy\/wp-json\/wp\/v2\/posts\/100023"}],"collection":[{"href":"https:\/\/acs.org.br\/academy\/wp-json\/wp\/v2\/posts"}],"about":[{"href":"https:\/\/acs.org.br\/academy\/wp-json\/wp\/v2\/types\/post"}],"author":[{"embeddable":true,"href":"https:\/\/acs.org.br\/academy\/wp-json\/wp\/v2\/users\/3"}],"replies":[{"embeddable":true,"href":"https:\/\/acs.org.br\/academy\/wp-json\/wp\/v2\/comments?post=100023"}],"version-history":[{"count":1,"href":"https:\/\/acs.org.br\/academy\/wp-json\/wp\/v2\/posts\/100023\/revisions"}],"predecessor-version":[{"id":100024,"href":"https:\/\/acs.org.br\/academy\/wp-json\/wp\/v2\/posts\/100023\/revisions\/100024"}],"wp:attachment":[{"href":"https:\/\/acs.org.br\/academy\/wp-json\/wp\/v2\/media?parent=100023"}],"wp:term":[{"taxonomy":"category","embeddable":true,"href":"https:\/\/acs.org.br\/academy\/wp-json\/wp\/v2\/categories?post=100023"},{"taxonomy":"post_tag","embeddable":true,"href":"https:\/\/acs.org.br\/academy\/wp-json\/wp\/v2\/tags?post=100023"}],"curies":[{"name":"wp","href":"https:\/\/api.w.org\/{rel}","templated":true}]}}