{"id":100015,"date":"2021-09-20T08:35:43","date_gmt":"2021-09-20T11:35:43","guid":{"rendered":"https:\/\/acs.org.br\/antigo\/?p=100015"},"modified":"2021-09-20T08:35:43","modified_gmt":"2021-09-20T11:35:43","slug":"porto-2o-encontro-porto-mar-vai-debater-futuro-da-mao-de-obra","status":"publish","type":"post","link":"https:\/\/acs.org.br\/academy\/porto-2o-encontro-porto-mar-vai-debater-futuro-da-mao-de-obra\/","title":{"rendered":"PORTO: 2\u00ba Encontro Porto &#038; Mar vai debater futuro da m\u00e3o de obra"},"content":{"rendered":"<p>Fonte: A Tribuna<\/p>\n<p>Os desafios que ser\u00e3o enfrentados para a capacita\u00e7\u00e3o e a contrata\u00e7\u00e3o de m\u00e3o de obra, ap\u00f3s a desestatiza\u00e7\u00e3o da Autoridade Portu\u00e1ria de Santos, ser\u00e1 um dos temas do 2\u00ba Encontro Porto &amp; Mar 2021, do Grupo Tribuna.<\/p>\n<p><a href=\"https:\/\/acs.org.br\/antigo\/wp-content\/uploads\/2021\/09\/PORTO2009.pdf\">LEIA MAIS&#8230;<\/a><\/p>\n","protected":false},"excerpt":{"rendered":"<p>Fonte: A Tribuna Os desafios que ser\u00e3o enfrentados para a capacita\u00e7\u00e3o e a contrata\u00e7\u00e3o de m\u00e3o de obra, ap\u00f3s a desestatiza\u00e7\u00e3o da Autoridade Portu\u00e1ria de Santos, ser\u00e1 um dos temas do 2\u00ba Encontro Porto &amp; Mar 2021, do Grupo Tribuna. LEIA MAIS&#8230;<\/p>\n","protected":false},"author":2,"featured_media":0,"comment_status":"open","ping_status":"open","sticky":false,"template":"","format":"standard","meta":{"footnotes":""},"categories":[105],"tags":[],"_links":{"self":[{"href":"https:\/\/acs.org.br\/academy\/wp-json\/wp\/v2\/posts\/100015"}],"collection":[{"href":"https:\/\/acs.org.br\/academy\/wp-json\/wp\/v2\/posts"}],"about":[{"href":"https:\/\/acs.org.br\/academy\/wp-json\/wp\/v2\/types\/post"}],"author":[{"embeddable":true,"href":"https:\/\/acs.org.br\/academy\/wp-json\/wp\/v2\/users\/2"}],"replies":[{"embeddable":true,"href":"https:\/\/acs.org.br\/academy\/wp-json\/wp\/v2\/comments?post=100015"}],"version-history":[{"count":1,"href":"https:\/\/acs.org.br\/academy\/wp-json\/wp\/v2\/posts\/100015\/revisions"}],"predecessor-version":[{"id":100017,"href":"https:\/\/acs.org.br\/academy\/wp-json\/wp\/v2\/posts\/100015\/revisions\/100017"}],"wp:attachment":[{"href":"https:\/\/acs.org.br\/academy\/wp-json\/wp\/v2\/media?parent=100015"}],"wp:term":[{"taxonomy":"category","embeddable":true,"href":"https:\/\/acs.org.br\/academy\/wp-json\/wp\/v2\/categories?post=100015"},{"taxonomy":"post_tag","embeddable":true,"href":"https:\/\/acs.org.br\/academy\/wp-json\/wp\/v2\/tags?post=100015"}],"curies":[{"name":"wp","href":"https:\/\/api.w.org\/{rel}","templated":true}]}}