{"id":100012,"date":"2021-09-20T08:34:52","date_gmt":"2021-09-20T11:34:52","guid":{"rendered":"https:\/\/acs.org.br\/antigo\/?p=100012"},"modified":"2021-09-20T08:34:52","modified_gmt":"2021-09-20T11:34:52","slug":"porto-ministro-participara-do-2o-encontro-porto-mar","status":"publish","type":"post","link":"https:\/\/acs.org.br\/academy\/porto-ministro-participara-do-2o-encontro-porto-mar\/","title":{"rendered":"PORTO: Ministro participar\u00e1 do 2\u00ba Encontro Porto &#038; Mar"},"content":{"rendered":"<p>Fonte: A Tribuna<\/p>\n<p>O ministro da Infraestrutura, Tarc\u00edsio Gomes de Freitas, confirmou sua participa\u00e7\u00e3o no 2\u00ba Encontro Porto &amp; Mar 2021, que ser\u00e1 promovido pelo Grupo Tribuna no audit\u00f3rio de seu edif\u00edcio-sede na pr\u00f3xima ter\u00e7a-feira, dia 21, das 14 \u00e0s 18 horas.<\/p>\n<p><a href=\"https:\/\/acs.org.br\/antigo\/wp-content\/uploads\/2021\/09\/PORTO1909.pdf\">LEIA MAIS&#8230;<\/a><\/p>\n<p>&nbsp;<\/p>\n","protected":false},"excerpt":{"rendered":"<p>Fonte: A Tribuna O ministro da Infraestrutura, Tarc\u00edsio Gomes de Freitas, confirmou sua participa\u00e7\u00e3o no 2\u00ba Encontro Porto &amp; Mar 2021, que ser\u00e1 promovido pelo Grupo Tribuna no audit\u00f3rio de seu edif\u00edcio-sede na pr\u00f3xima ter\u00e7a-feira, dia 21, das 14 \u00e0s 18 horas. LEIA MAIS&#8230; &nbsp;<\/p>\n","protected":false},"author":2,"featured_media":0,"comment_status":"open","ping_status":"open","sticky":false,"template":"","format":"standard","meta":{"footnotes":""},"categories":[105],"tags":[],"_links":{"self":[{"href":"https:\/\/acs.org.br\/academy\/wp-json\/wp\/v2\/posts\/100012"}],"collection":[{"href":"https:\/\/acs.org.br\/academy\/wp-json\/wp\/v2\/posts"}],"about":[{"href":"https:\/\/acs.org.br\/academy\/wp-json\/wp\/v2\/types\/post"}],"author":[{"embeddable":true,"href":"https:\/\/acs.org.br\/academy\/wp-json\/wp\/v2\/users\/2"}],"replies":[{"embeddable":true,"href":"https:\/\/acs.org.br\/academy\/wp-json\/wp\/v2\/comments?post=100012"}],"version-history":[{"count":1,"href":"https:\/\/acs.org.br\/academy\/wp-json\/wp\/v2\/posts\/100012\/revisions"}],"predecessor-version":[{"id":100014,"href":"https:\/\/acs.org.br\/academy\/wp-json\/wp\/v2\/posts\/100012\/revisions\/100014"}],"wp:attachment":[{"href":"https:\/\/acs.org.br\/academy\/wp-json\/wp\/v2\/media?parent=100012"}],"wp:term":[{"taxonomy":"category","embeddable":true,"href":"https:\/\/acs.org.br\/academy\/wp-json\/wp\/v2\/categories?post=100012"},{"taxonomy":"post_tag","embeddable":true,"href":"https:\/\/acs.org.br\/academy\/wp-json\/wp\/v2\/tags?post=100012"}],"curies":[{"name":"wp","href":"https:\/\/api.w.org\/{rel}","templated":true}]}}